{"id":2212,"date":"2022-02-17T12:03:31","date_gmt":"2022-02-17T12:03:31","guid":{"rendered":"https:\/\/observatoriosanjose.com.ar\/wp\/?p=2212"},"modified":"2022-02-18T03:49:44","modified_gmt":"2022-02-18T03:49:44","slug":"proyecto-eratostenes","status":"publish","type":"post","link":"https:\/\/observatoriosanjose.com.ar\/wp\/proyecto-eratostenes\/","title":{"rendered":"Proyecto Erat\u00f3stenes"},"content":{"rendered":"<p>[et_pb_section fb_built=\u00bb1&#8243; admin_label=\u00bbBrewing Overview\u00bb _builder_version=\u00bb4.14.7&#8243; custom_margin=\u00bb|||\u00bb custom_padding=\u00bb10px||20px||false|false\u00bb locked=\u00bboff\u00bb global_colors_info=\u00bb{}\u00bb][et_pb_row _builder_version=\u00bb4.14.7&#8243; _module_preset=\u00bbdefault\u00bb global_colors_info=\u00bb{}\u00bb][et_pb_column type=\u00bb4_4&#8243; _builder_version=\u00bb4.14.7&#8243; _module_preset=\u00bbdefault\u00bb global_colors_info=\u00bb{}\u00bb][et_pb_text _builder_version=\u00bb4.14.7&#8243; _module_preset=\u00bbdefault\u00bb text_font=\u00bbOswald||||||||\u00bb text_font_size=\u00bb17px\u00bb text_line_height=\u00bb1.9em\u00bb link_font=\u00bbOswald||||||||\u00bb link_font_size=\u00bb22px\u00bb header_4_font=\u00bbOswald||||||||\u00bb header_4_font_size=\u00bb22px\u00bb header_4_line_height=\u00bb1.7em\u00bb global_colors_info=\u00bb{}\u00bb]<\/p>\n<h4>El Proyecto Erat\u00f3stenes<\/h4>\n<p>[\/et_pb_text][et_pb_text _builder_version=\u00bb4.14.7&#8243; _module_preset=\u00bbdefault\u00bb text_font=\u00bbNunito||||||||\u00bb text_font_size=\u00bb16px\u00bb hover_enabled=\u00bb0&#8243; sticky_enabled=\u00bb0&#8243;]El proyecto Erat\u00f3stenes fue una actividad organizada por Departamento de F\u00edsica de la Facultad de Ciencias Exactas y Naturales de la Universidad de Buenos Aires que consisti\u00f3 en recrear la medici\u00f3n de la circunferencia de la Tierra que realiz\u00f3 este matem\u00e1tico, astr\u00f3nomo y ge\u00f3grafo griego en el siglo III a. C. El objetivo de este proyecto es determinar el per\u00edmetro de la circunferencia terrestre a trav\u00e9s de mediciones realizadas por los alumnos de escuelas secundarias en distintas latitudes del pa\u00eds con los mismos elementos que usara Erat\u00f3stenes, midiendo la sombra de una varilla, sin GPS, sin sat\u00e9lites, sin computadora pero con much\u00edsimo ingenio y aprovechando la ocasi\u00f3n para aprender algo de historia, astronom\u00eda, geograf\u00eda y matem\u00e1tica.[\/et_pb_text][et_pb_divider _builder_version=\u00bb4.14.7&#8243; _module_preset=\u00bbdefault\u00bb hover_enabled=\u00bb0&#8243; sticky_enabled=\u00bb0&#8243; custom_margin=\u00bb||-1px||false|false\u00bb][\/et_pb_divider][\/et_pb_column][\/et_pb_row][et_pb_row _builder_version=\u00bb3.25&#8243; background_size=\u00bbinitial\u00bb background_position=\u00bbtop_left\u00bb background_repeat=\u00bbrepeat\u00bb animation_style=\u00bbfade\u00bb global_colors_info=\u00bb{}\u00bb][et_pb_column type=\u00bb4_4&#8243; _builder_version=\u00bb3.25&#8243; custom_padding=\u00bb|||\u00bb global_colors_info=\u00bb{}\u00bb custom_padding__hover=\u00bb|||\u00bb][et_pb_text _builder_version=\u00bb4.14.7&#8243; text_font=\u00bbNunito||||\u00bb text_font_size=\u00bb16px\u00bb text_line_height=\u00bb1.8em\u00bb header_font=\u00bbOswald|||on|\u00bb header_font_size=\u00bb16px\u00bb header_letter_spacing=\u00bb2px\u00bb header_line_height=\u00bb1.7em\u00bb header_4_font=\u00bbOswald|||on|||||\u00bb header_4_font_size=\u00bb16px\u00bb header_4_letter_spacing=\u00bb1px\u00bb header_4_line_height=\u00bb1.5em\u00bb background_size=\u00bbinitial\u00bb background_position=\u00bbtop_left\u00bb background_repeat=\u00bbrepeat\u00bb max_width=\u00bb90%\u00bb max_width_tablet=\u00bb\u00bb max_width_phone=\u00bb\u00bb max_width_last_edited=\u00bbon|phone\u00bb module_alignment=\u00bbcenter\u00bb custom_margin=\u00bb|||\u00bb global_colors_info=\u00bb{}\u00bb]<\/p>\n<p><strong>Introducci\u00f3n<\/strong><\/p>\n<p>El proyecto Erat\u00f3stenes consiste en recrear la medici\u00f3n de la circunferencia de la Tierra que realiz\u00f3 este matem\u00e1tico, astr\u00f3nomo y ge\u00f3grafo griego en el siglo III a. C. El objetivo de este proyecto es que estudiantes de la escuela secundaria determinen el per\u00edmetro de la circunferencia terrestre con los mismos elementos que usara Erat\u00f3stenes, sin calculadora, sin GPS, sin sat\u00e9lites, sin computadora, solo con una varilla, midiendo pasos y, sobre todo, con much\u00edsimo ingenio y de paso aprender algo de historia, astronom\u00eda, geograf\u00eda y matem\u00e1tica.<\/p>\n<p>&nbsp;<\/p>\n<p><strong>Un poco de historia<\/strong><\/p>\n<p>Erat\u00f3stenes naci\u00f3 en el a\u00f1o 276 a. C. en Cirene (actualmente Shahhat, Libia) en el norte de \u00c1frica fue uno de los hombres m\u00e1s cultivados de su \u00e9poca y el primero en llamarse a si mismo \u00abphilologos\u00bb, amigo del saber. Erast\u00f3stenes lleg\u00f3 a ser un estudioso de alto grado y pose\u00eda una gran variedad de conocimientos: fue astr\u00f3nomo, poeta, ge\u00f3grafo, fil\u00f3sofo, cr\u00edtico teatral y matem\u00e1tico, fue llamado \u00abpentathlos\u00bb, nombre reservado al atleta vencedor en las cinco luchas de los Juegos Ol\u00edmpicos. Cerca de 240 a.C., Erast\u00f3stenes se convirti\u00f3 en el tercer bibliotecario de Alejandr\u00eda, en la biblioteca del templo de las musas llamado el Musei\u00f3n (origen la palabra museo), donde se albergaban cientos de miles de papiros y rollos de vitela sin descifrar y este puesto lo ocup\u00f3 hasta el fin de sus d\u00edas.<\/p>\n<p>Su trabajo sobre la medici\u00f3n de la circunferencia de la Tierra fue sin dudas una de sus principales contribuciones a la ciencia y a la astronom\u00eda y por el cual es m\u00e1s recordado. El mismo trabajo se encontraba en su tratado \u00abSobre las medidas de la Tierra\u00bb, perdido hoy en d\u00eda, pero sin embargo, podemos reconstruir el mismo con detalles ya que sus c\u00e1lculos aparecen en otros autores. Durante sus estudios e investigaciones en la Biblioteca de Alejandr\u00eda, Erast\u00f3stenes encontr\u00f3 un papiro en el que se mencionaba que en Sienna, actualmente Asu\u00e1n en Egipto, el d\u00eda del solsticio de verano la luz del Sol alumbraba el fondo de los pozos de agua, de modo que ese d\u00eda los objetos no proyectaban sombra alguna (figura 1). Esto era debido a que la ciudad de Sienna estaba situada sobre la l\u00ednea del tr\u00f3pico de C\u00e1ncer (figura 2).<\/p>\n<p><img loading=\"lazy\" decoding=\"async\" src=\"https:\/\/observatoriosanjose.com.ar\/wp\/wp-content\/uploads\/2022\/02\/fig-1.png\" width=\"293\" height=\"297\" alt=\"\" class=\"wp-image-2244 alignnone size-full\" \/><img loading=\"lazy\" decoding=\"async\" src=\"https:\/\/observatoriosanjose.com.ar\/wp\/wp-content\/uploads\/2022\/02\/fig-2-300x300.png\" width=\"300\" height=\"300\" alt=\"\" class=\"wp-image-2243 alignnone size-medium\" \/><\/p>\n<p><em>figuras 1 y 2<\/em><\/p>\n<p>Partiendo de las suposiciones que Alejandr\u00eda y Sienna estaban situados sobre el mismo meridiano, aunque hoy sabemos que est\u00e1n desplazados solo 3\u00ba, y que el Sol estaba tan alejado de la Tierra que los rayos que llegaban a ambas ciudades pod\u00edan considerarse paralelos, midi\u00f3 el \u00e1ngulo de las sombras proyectadas en el d\u00eda del solsticio de verano en Alejandr\u00eda encontrando un valor de 7,2\u00ba. Este \u00e1ngulo equivale a la diferencia de latitud entre Sienna y Alejandr\u00eda, como podemos ver por la sencilla regla de equivalencia de \u00e1ngulos alternos internos entre paralelas (figura 3).<\/p>\n<p><em><img loading=\"lazy\" decoding=\"async\" src=\"https:\/\/observatoriosanjose.com.ar\/wp\/wp-content\/uploads\/2022\/02\/fig-3-300x300.png\" width=\"300\" height=\"300\" alt=\"\" class=\"wp-image-2242 alignnone size-medium\" \/><\/em><\/p>\n<p><em>figura 3<\/em><\/p>\n<p>De esta manera, midiendo la distancia entre ambas ciudades, A-S, y por una sencilla regla de tres simple se puede decir que:<\/p>\n<p><strong>360\u00ba es a -&gt; 7,2\u00ba<\/strong><\/p>\n<p>como<\/p>\n<p><strong>P es a -&gt; distancia (A-S)<\/strong><\/p>\n<p>donde la inc\u00f3gnita es P = per\u00edmetro terrestre, de lo que se deduce que<\/p>\n<p><strong>P = 360\u00ba x dist(A-S) \/ 7,2\u00ba<\/strong><\/p>\n<p>esto traducido en palabras significa que la relaci\u00f3n entre el \u00e1ngulo que separa a Sienna de Alejandr\u00eda y los 360\u00ba de la circunferencia terrestre es igual a la relaci\u00f3n que hay entre la distancia que separa a Sienna de Alejandr\u00eda y la longitud de un meridiano.<\/p>\n<p>Para el c\u00e1lculo del \u00e1ngulo, Erast\u00f3stenes se sirvi\u00f3 del scaphium o gnomon, un tipo de cuadrante solar rudimentario y la distancia A-S la estim\u00f3 a partir de datos de las caravanas que comerciaban entre ambas ciudades. Aunque en este punto surgen diferentes versiones, como que encarg\u00f3 a un agrimensor de su \u00e9poca que midiera en pasos uniformes dicha distancia o que la medici\u00f3n la realiz\u00f3 mediante el conteo de pasos efectuado por un regimiento que recorri\u00f3 dicha distancia, tambi\u00e9n cabe la posibilidad que halla obtenido el valor de otros autores en la propia Biblioteca de Alejandr\u00eda. La distancia fijada fue de 5000 estadios por lo que remplazando en la ecuaci\u00f3n superior se obtiene<\/p>\n<p><strong>P = 250.000 estadios<\/strong><\/p>\n<p>Un elemento importante en esta historia es a qu\u00e9 unidad se refer\u00eda Erast\u00f3tenes con el \u201cestadio\u201d, dado que exist\u00edan varios valores de esta unidad seg\u00fan sea el origen, como era habitual en la antig\u00fcedad. Si us\u00f3 el estadio de 185 m, el valor del di\u00e1metro terrestre seria de 46.250Km, si us\u00f3 el estadio egipcio de 157.2 m (equivalente a 300 codos de 52,4 cm), el per\u00edmetro polar calculado seria 39.300Km. Hoy sabemos que el per\u00edmetro polar es de 39.939 Km, con lo que en el primero de los casos tendr\u00edamos un error de 15,8% y en el segundo un error menor al 2%.<\/p>\n<p>&nbsp;<\/p>\n<p><strong>La reconstrucci\u00f3n de la experiencia<\/strong><\/p>\n<p>Este proyecto est\u00e1 coordinado por el Departamento de F\u00edsica de la Facultad de Ciencias Exactas y Naturales de la Universidad de Buenos Aires y se encuadra dentro de las actividades por el A\u00f1o Internacional de la Astronom\u00eda en 2009. La organizaci\u00f3n se encarga de armar \u00abparejas\u00bb con los colegios anotados para que hagan las mediciones en conjunto y as\u00ed puedan obtener el resultado buscado; en el caso del Colegio San Jos\u00e9, la instituci\u00f3n con la cual compartimos la medici\u00f3n es el Colegio Jos\u00e9 Mart\u00ed de Ushuaia, Tierra del Fuego.<\/p>\n<p>Al igual que en el caso de Alejandr\u00eda y Sienna, se busca que las parejas de colegios est\u00e9n ubicados en meridianos similares para que el experimento sea lo m\u00e1s exitoso posible. En este aspecto hay que hacer algunas aclaraciones:<\/p>\n<p><em>1) La ciudad de Sienna se encuentra sobre el tr\u00f3pico de C\u00e1ncer en el hemisferio norte y una varilla no proyecta sombra el d\u00eda del solsticio del 21 de junio.<\/em><\/p>\n<p><em>2) La situaci\u00f3n equivalente en el hemisferio sur se producir\u00e1 sobre el tr\u00f3pico de Capricornio pero en el solsticio del 21 de diciembre.<\/em><\/p>\n<p>El tr\u00f3pico de Capricornio pasa por las provincias de Jujuy, Salta y Formosa. A pesar de esto, la experiencia se puede llevar a cabo igualmente y determinar la circunferencia de la Tierra con mediciones que no est\u00e9n hechas sobre los tr\u00f3picos (figura 4 y 5). Los participantes conjuntamente deber\u00e1n determinar el \u00e1ngulo b en el momento en que el Sol pase por el meridiano del lugar, con este dato y con la distancia norte-sur (Dbu) que separa a Buenos Aires y Ushuaia se puede estimar la circunferencia terrestre (figura 6).<\/p>\n<p><img loading=\"lazy\" decoding=\"async\" src=\"https:\/\/observatoriosanjose.com.ar\/wp\/wp-content\/uploads\/2022\/02\/fig-4-300x258.png\" width=\"300\" height=\"258\" alt=\"\" class=\"wp-image-2241 alignnone size-medium\" \/> <img loading=\"lazy\" decoding=\"async\" src=\"https:\/\/observatoriosanjose.com.ar\/wp\/wp-content\/uploads\/2022\/02\/fig-5-300x300.png\" width=\"300\" height=\"300\" alt=\"\" class=\"wp-image-2240 alignnone size-medium\" \/> <img loading=\"lazy\" decoding=\"async\" src=\"https:\/\/observatoriosanjose.com.ar\/wp\/wp-content\/uploads\/2022\/02\/fig-6-300x219.png\" width=\"300\" height=\"219\" alt=\"\" class=\"wp-image-2239 alignnone size-medium\" \/><\/p>\n<p><em>figuras 4, 5 y 6<\/em><\/p>\n<p>La medici\u00f3n de los \u00e1ngulos a1 y a2(figura 6), como hemos dicho, se deben hacer en el momento en que el Sol pase por el meridiano del lugar y eso sucede cuando las sombras proyectadas por los objetos tienen su longitud m\u00e1s corta. Para esto se clava una varilla en forma perpendicular sobre una superficie plana sobre la cual posteriormente se proyectar\u00e1 su sombra y se registran los tiempos y las longitudes a intervalos preestablecidos de entre 1 y 5 minutos comenzando aproximadamente a las 12:30. A medida que transcurre el d\u00eda el Sol se va elevando en el cielo y desde el hemisferio sur vemos que \u00e9ste se ubica hacia el norte por lo tanto las sombras que proyecten apuntar\u00e1n hacia el sur. Cuando el Sol llegue a su punto m\u00e1s alto, las sombras proyectadas ser\u00e1n las m\u00e1s cortas y all\u00ed quedar\u00e1 determinado el momento en que el Sol est\u00e1 sobre el meridiano del lugar. Esta medida de la sombra es la que nos permitir\u00e1 realizar los c\u00e1lculos (figura 7 y 8)<\/p>\n<p><img loading=\"lazy\" decoding=\"async\" src=\"https:\/\/observatoriosanjose.com.ar\/wp\/wp-content\/uploads\/2022\/02\/fig-7-300x210.png\" width=\"300\" height=\"210\" alt=\"\" class=\"wp-image-2238 alignnone size-medium\" \/> <img loading=\"lazy\" decoding=\"async\" src=\"https:\/\/observatoriosanjose.com.ar\/wp\/wp-content\/uploads\/2022\/02\/fug-8-300x226.png\" width=\"300\" height=\"226\" alt=\"\" class=\"wp-image-2237 alignnone size-medium\" \/><\/p>\n<p><em>figura 7 y 8<\/em><\/p>\n<p>En las figuras 7 y 8 anteriores se observa que en la posici\u00f3n 4 el Sol pasa por el meridiano del lugar por lo tanto con la longitud de la sombra en este instante Ls y la longitud de la varilla Lv es posible determinar a1 ya sea por trigonometr\u00eda o trasladando las medidas a un papel y midiendo el \u00e1ngulo a1 con un transportador. En forma id\u00e9ntica, el otro colegio determinar\u00e1 a2.<\/p>\n<p>&nbsp;<\/p>\n<p>[\/et_pb_text][et_pb_gallery gallery_ids=\u00bb2214,2236,2235,2234,2233,2241&#8243; _builder_version=\u00bb4.14.7&#8243; _module_preset=\u00bbdefault\u00bb title_font_size=\u00bb14px\u00bb global_colors_info=\u00bb{}\u00bb][\/et_pb_gallery][et_pb_text _builder_version=\u00bb4.14.7&#8243; text_font=\u00bbNunito||||\u00bb text_font_size=\u00bb16px\u00bb text_line_height=\u00bb1.8em\u00bb header_font=\u00bbOswald|||on|\u00bb header_font_size=\u00bb16px\u00bb header_letter_spacing=\u00bb2px\u00bb header_line_height=\u00bb1.7em\u00bb header_4_font=\u00bbOswald|||on|||||\u00bb header_4_font_size=\u00bb16px\u00bb header_4_letter_spacing=\u00bb1px\u00bb header_4_line_height=\u00bb1.5em\u00bb background_size=\u00bbinitial\u00bb background_position=\u00bbtop_left\u00bb background_repeat=\u00bbrepeat\u00bb max_width=\u00bb90%\u00bb max_width_tablet=\u00bb\u00bb max_width_phone=\u00bb\u00bb max_width_last_edited=\u00bbon|phone\u00bb module_alignment=\u00bbcenter\u00bb custom_margin=\u00bb|||\u00bb global_colors_info=\u00bb{}\u00bb]<\/p>\n<p>En el Colegio San Jos\u00e9 se hicieron las mediciones el s\u00e1bado 21 de junio entre las 12:45 y las 13:10, por suerte muy cerca del mediod\u00eda el cielo se despej\u00f3 y se pudo realizar la experiencia. El valor obtenido de a1 fue de aproximadamente 57\u00ba, previamente en el Observatorio San Jos\u00e9 hab\u00edamos verificado algunos datos a trav\u00e9s del software Starrynight como el paso del Sol por el meridiano que ser\u00eda a las 12:55 hora local y que estar\u00eda a 33\u00ba 13\u00b4 sobre el horizonte. Esta informaci\u00f3n no hab\u00eda sido suministrada a los alumnos participantes pero sirvi\u00f3 para corroborar el trabajo realizado por ellos. Las sombras m\u00e1s cortas fueron detectadas entre las 12:54 y 12:59 y si tenemos en cuenta que los \u00e1ngulos interiores de un tri\u00e1ngulo rect\u00e1ngulo deben sumar 180\u00ba entonces para el caso de la figura 8 tenemos que:<\/p>\n<p><strong>a1 + \u00e1ngulo del Sol sobre el horizonte + 90\u00ba = 180\u00ba<\/strong><\/p>\n<p><strong>57\u00ba + 33\u00ba 13\u00b4 + 90\u00ba \u00bb 180\u00ba<\/strong><\/p>\n<p>vemos que los resultados son bastante buenos teniendo en cuenta los errores que se producen por la forma en que se hicieron las mediciones.<\/p>\n<p>&nbsp;<\/p>\n<p><strong>Los c\u00e1lculos<\/strong><\/p>\n<p>Los datos aportados por cada colegio son los siguientes:<\/p>\n<p><span style=\"text-decoration: underline;\">Colegio San Jos\u00e9<\/span><\/p>\n<p>Latitud:34\u00ba 36&#8242;<\/p>\n<p>Longitud: 58\u00ba 24\u00b4<\/p>\n<p>Distancia al ecuador: 3.847,23 km<\/p>\n<p>Distancia al meridiano de Greenwich: 5.345,18 km<\/p>\n<p>Longitud (Lv) del gnomon o varilla (cm): 23.700 \u00b1 2.000<\/p>\n<p>Longitud (Ls) de la sombra m\u00ednima (cm):36.400 \u00b1 2.000<\/p>\n<p>Hora de la medici\u00f3n (HH:mm): 12:54<\/p>\n<p>Angulo a1: 56.93\u00ba<\/p>\n<p><span style=\"text-decoration: underline;\">Colegio Jos\u00e9 Mart\u00ed<\/span><\/p>\n<p>Latitud:54\u00ba 48&#8242;<\/p>\n<p>Longitud: 68\u00ba 18\u00b4<\/p>\n<p>Distancia al ecuador: 6.093,3 km<\/p>\n<p>Distancia al meridiano de Greenwich: 4.377,83 km<\/p>\n<p>Longitud (Lv) del gnomon o varilla (cm): 22.000 \u00b1 0.000<\/p>\n<p>Longitud (Ls) de la sombra m\u00ednima (cm):111.500 \u00b1 0.000<\/p>\n<p>Hora de la medici\u00f3n (HH:mm): 13:30<\/p>\n<p>Angulo a2: 78.83\u00ba<\/p>\n<p>Distancia Buenos Aires &#8211; Ushuaia (Dbu) = 6.093,3 km &#8211; 3.847,23 km = 2.246,07 km<\/p>\n<p>b = a2 &#8211; a1 = 21.898\u00ba<\/p>\n<p>Seg\u00fan la figura 6, de las mediciones de los \u00e1ngulos a2 y a1 se deber\u00eda obtener que la diferencia entre ambos corresponde a la diferencia de latitud entre ambas ciudades como se ve en el resultado teniendo en cuenta los errores propios de los m\u00e9todos de medici\u00f3n utilizados.<\/p>\n<p>Con esta informaci\u00f3n podemos calcular el per\u00edmetro terrestre con las f\u00f3rmulas vistas anteriormente:<\/p>\n<p>Per\u00edmetro calculado = 360\u00ba x Dbu \/ b<\/p>\n<p>Per\u00edmetro calculado = 360\u00ba x 2.246,07 km \/ 21.898\u00ba<\/p>\n<p>Per\u00edmetro calculado = 36.925,07 km<\/p>\n<p>Radio terrestre calculado = 36.925,07 km \/ p = 5.876,81 km<\/p>\n<p>Dado que los valores reales son:<\/p>\n<p>Per\u00edmetro polar real = 39.939 km<\/p>\n<p>Radio polar real = 6356 km<\/p>\n<p>El error es de un 8.1%<\/p>\n<p>Estos valores fueron obtenidos con una sola medici\u00f3n por colegio; si en cambio, para cada colegio hacemos el promedio de los valores obtenidos por cada grupo de alumnos, los n\u00fameros quedar\u00edan de la siguiente manera:<\/p>\n<p>Angulo a1: 57.036\u00ba<\/p>\n<p>Angulo a2: 78.71\u00ba<\/p>\n<p>b = a2 &#8211; a1 = 21.674\u00ba<\/p>\n<p>Per\u00edmetro calculado = 360\u00ba x 2.246,07 km \/ 21.674\u00ba<\/p>\n<p>Per\u00edmetro calculado = 37.306,69 km<\/p>\n<p>Radio terrestre calculado = 37.306,69 km \/ p = 5.937,55 km<\/p>\n<p>El error es de un 7.04%<\/p>\n<p>Consideraciones sobre los c\u00e1lculos y los m\u00e9todos empleados<\/p>\n<p>Una primera aclaraci\u00f3n que hay que hacer es que al calcular la circunferencia terrestre de la forma en que se hizo, estamos suponiendo que la Tierra es una esfera perfecta pero la realidad es que existe un achatamiento polar y que no lo estamos teniendo en cuenta. L\u00f3gicamente, Erat\u00f3stenes no pod\u00eda conocer este detalle en el siglo III a. C.<\/p>\n<p>Sin embargo, este aspecto no es el \u00fanico al evaluar los errores sino tambi\u00e9n hay que considerar aquellos que se introducen al medir la sombra:<\/p>\n<p>1) Las reglas, cintas m\u00e9tricas y escuadras tienen un error de lectura de \u00b1 1 mm.<\/p>\n<p>2) En el extremo de la sombra se crea una zona de penumbra siendo dif\u00edcil determinar donde termina y poder medir su longitud con precisi\u00f3n. Esto es debido a que el Sol no es un objeto puntual (figura 9)<\/p>\n<p>3) Al principio se pens\u00f3 en medir cada minuto pero se comprob\u00f3 que la sombra no se desplazaba mucho en ese lapso y las mediciones quedaban muy encimadas. Es preferible empezar con tiempo y medir cada 5 minutos y elegir una varilla bastante delgada.<\/p>\n<p>4) En el caso de las ciudades que est\u00e1n en latitudes muy elevadas la sombra se hace muy larga y el fen\u00f3meno descrito en 2) se acent\u00faa.<\/p>\n<p><img loading=\"lazy\" decoding=\"async\" src=\"https:\/\/observatoriosanjose.com.ar\/wp\/wp-content\/uploads\/2022\/02\/fig-9-300x201.jpg\" width=\"300\" height=\"201\" alt=\"\" class=\"wp-image-2232 alignnone size-medium\" \/><\/p>\n<p><em>figura 9<\/em><\/p>\n<p><strong><\/strong><\/p>\n<p><strong>Conclusiones<\/strong><\/p>\n<p>El Proyecto Erat\u00f3stenes resulta ser una excelente experiencia que nos muestra que con elementos tan simples como papel, l\u00e1piz, transportador, escuadra y con un d\u00eda despejado, podemos ser capaces de medir las dimensiones del planeta donde vivimos con un error m\u00e1s que aceptable. Solo hay un aspecto que no hemos reproducido del trabajo de Erat\u00f3stenes: no hemos enviado a nadie caminando hasta Ushuaia para medir la distancia!! Salvo este detalle, podemos decir que no hace falta contar con toda la tecnolog\u00eda de la cual podemos disfrutar en el siglo XXI, como las computadoras, los sat\u00e9lites, el laser, etc, para obtener una idea muy pero muy aproximada del tama\u00f1o del mundo, solo hace falta usar nuestro cerebro.<\/p>\n<p>&nbsp;<\/p>\n<p>El Observatorio San Jos\u00e9 agradece a los chicos que se interesaron en participar de esta experiencia:<\/p>\n<p><em><strong>Federico Binquiman<\/strong><\/em><\/p>\n<p><em><strong>Jer\u00f3nimo Collado<\/strong><\/em><\/p>\n<p><em><strong>Fernando Georgetti<\/strong><\/em><\/p>\n<p><em><strong>Florencia Greene<\/strong><\/em><\/p>\n<p><em><strong>Mar\u00eda Elena Seelen<\/strong><\/em><\/p>\n<p><em><strong>Constanza Su\u00e1rez<\/strong><\/em><\/p>\n<p>a todos ellos FELICITACIONES.<\/p>\n<p>[\/et_pb_text][\/et_pb_column][\/et_pb_row][et_pb_row _builder_version=\u00bb4.14.7&#8243; _module_preset=\u00bbdefault\u00bb global_colors_info=\u00bb{}\u00bb][et_pb_column type=\u00bb4_4&#8243; _builder_version=\u00bb4.14.7&#8243; _module_preset=\u00bbdefault\u00bb global_colors_info=\u00bb{}\u00bb][et_pb_gallery gallery_ids=\u00bb2244,2243,2242,2241,2240,2239,2238,2237,2232&#8243; gallery_orderby=\u00bbrand\u00bb _builder_version=\u00bb4.14.7&#8243; _module_preset=\u00bbdefault\u00bb title_font_size=\u00bb14px\u00bb global_colors_info=\u00bb{}\u00bb][\/et_pb_gallery][et_pb_divider _builder_version=\u00bb4.14.7&#8243; _module_preset=\u00bbdefault\u00bb global_colors_info=\u00bb{}\u00bb][\/et_pb_divider][\/et_pb_column][\/et_pb_row][et_pb_row _builder_version=\u00bb4.14.7&#8243; _module_preset=\u00bbdefault\u00bb global_colors_info=\u00bb{}\u00bb][et_pb_column type=\u00bb4_4&#8243; _builder_version=\u00bb4.14.7&#8243; _module_preset=\u00bbdefault\u00bb global_colors_info=\u00bb{}\u00bb][et_pb_contact_form use_spam_service=\u00bbon\u00bb recaptcha_list=\u00bbobservatorio|observatorio-0&#8243; email=\u00bbinformes@observatoriosanjose.com.ar, infoosj@yahoo.com.ar\u00bb title=\u00bbInformes y consultas\u00bb custom_message=\u00bbConsulta por Visitas||et_pb_line_break_holder||||et_pb_line_break_holder||Nombre: %%name%%||et_pb_line_break_holder||Email: %%email%%||et_pb_line_break_holder||Mensaje: %%message%%\u00bb success_message=\u00bbGracias por tu consulta a la brevedad te estaremos respondiendo\u00bb _builder_version=\u00bb4.14.7&#8243; _module_preset=\u00bbdefault\u00bb _unique_id=\u00bb9d8df9fb-8a00-46a7-b661-1b78bf611c85&#8243; title_font=\u00bbOswald|||on|||||\u00bb title_text_align=\u00bbcenter\u00bb title_font_size=\u00bb24px\u00bb title_line_height=\u00bb2.7em\u00bb global_colors_info=\u00bb{}\u00bb][et_pb_contact_field field_id=\u00bbName\u00bb field_title=\u00bbNombre\u00bb _builder_version=\u00bb3.16&#8243; global_colors_info=\u00bb{}\u00bb button_text_size__hover_enabled=\u00bboff\u00bb button_one_text_size__hover_enabled=\u00bboff\u00bb button_two_text_size__hover_enabled=\u00bboff\u00bb button_text_color__hover_enabled=\u00bboff\u00bb button_one_text_color__hover_enabled=\u00bboff\u00bb button_two_text_color__hover_enabled=\u00bboff\u00bb button_border_width__hover_enabled=\u00bboff\u00bb button_one_border_width__hover_enabled=\u00bboff\u00bb button_two_border_width__hover_enabled=\u00bboff\u00bb button_border_color__hover_enabled=\u00bboff\u00bb button_one_border_color__hover_enabled=\u00bboff\u00bb button_two_border_color__hover_enabled=\u00bboff\u00bb button_border_radius__hover_enabled=\u00bboff\u00bb button_one_border_radius__hover_enabled=\u00bboff\u00bb button_two_border_radius__hover_enabled=\u00bboff\u00bb button_letter_spacing__hover_enabled=\u00bboff\u00bb button_one_letter_spacing__hover_enabled=\u00bboff\u00bb button_two_letter_spacing__hover_enabled=\u00bboff\u00bb button_bg_color__hover_enabled=\u00bboff\u00bb button_one_bg_color__hover_enabled=\u00bboff\u00bb button_two_bg_color__hover_enabled=\u00bboff\u00bb][\/et_pb_contact_field][et_pb_contact_field field_id=\u00bbEmail\u00bb field_title=\u00bbDirecci\u00f3n de correo electr\u00f3nico\u00bb field_type=\u00bbemail\u00bb _builder_version=\u00bb3.16&#8243; global_colors_info=\u00bb{}\u00bb button_text_size__hover_enabled=\u00bboff\u00bb button_one_text_size__hover_enabled=\u00bboff\u00bb button_two_text_size__hover_enabled=\u00bboff\u00bb button_text_color__hover_enabled=\u00bboff\u00bb button_one_text_color__hover_enabled=\u00bboff\u00bb button_two_text_color__hover_enabled=\u00bboff\u00bb button_border_width__hover_enabled=\u00bboff\u00bb button_one_border_width__hover_enabled=\u00bboff\u00bb button_two_border_width__hover_enabled=\u00bboff\u00bb button_border_color__hover_enabled=\u00bboff\u00bb button_one_border_color__hover_enabled=\u00bboff\u00bb button_two_border_color__hover_enabled=\u00bboff\u00bb button_border_radius__hover_enabled=\u00bboff\u00bb button_one_border_radius__hover_enabled=\u00bboff\u00bb button_two_border_radius__hover_enabled=\u00bboff\u00bb button_letter_spacing__hover_enabled=\u00bboff\u00bb button_one_letter_spacing__hover_enabled=\u00bboff\u00bb button_two_letter_spacing__hover_enabled=\u00bboff\u00bb button_bg_color__hover_enabled=\u00bboff\u00bb button_one_bg_color__hover_enabled=\u00bboff\u00bb button_two_bg_color__hover_enabled=\u00bboff\u00bb][\/et_pb_contact_field][et_pb_contact_field field_id=\u00bbMessage\u00bb field_title=\u00bbMensaje\u00bb field_type=\u00bbtext\u00bb fullwidth_field=\u00bbon\u00bb _builder_version=\u00bb3.16&#8243; global_colors_info=\u00bb{}\u00bb button_text_size__hover_enabled=\u00bboff\u00bb button_one_text_size__hover_enabled=\u00bboff\u00bb button_two_text_size__hover_enabled=\u00bboff\u00bb button_text_color__hover_enabled=\u00bboff\u00bb button_one_text_color__hover_enabled=\u00bboff\u00bb button_two_text_color__hover_enabled=\u00bboff\u00bb button_border_width__hover_enabled=\u00bboff\u00bb button_one_border_width__hover_enabled=\u00bboff\u00bb button_two_border_width__hover_enabled=\u00bboff\u00bb button_border_color__hover_enabled=\u00bboff\u00bb button_one_border_color__hover_enabled=\u00bboff\u00bb button_two_border_color__hover_enabled=\u00bboff\u00bb button_border_radius__hover_enabled=\u00bboff\u00bb button_one_border_radius__hover_enabled=\u00bboff\u00bb button_two_border_radius__hover_enabled=\u00bboff\u00bb button_letter_spacing__hover_enabled=\u00bboff\u00bb button_one_letter_spacing__hover_enabled=\u00bboff\u00bb button_two_letter_spacing__hover_enabled=\u00bboff\u00bb button_bg_color__hover_enabled=\u00bboff\u00bb button_one_bg_color__hover_enabled=\u00bboff\u00bb button_two_bg_color__hover_enabled=\u00bboff\u00bb][\/et_pb_contact_field][\/et_pb_contact_form][\/et_pb_column][\/et_pb_row][\/et_pb_section][et_pb_section fb_built=\u00bb1&#8243; admin_label=\u00bbFooter\u00bb _builder_version=\u00bb4.11.2&#8243; background_color_gradient_direction=\u00bb90deg\u00bb background_image=\u00bbhttps:\/\/observatoriosanjose.com.ar\/wp\/wp-content\/uploads\/2022\/01\/titulo.jpg\u00bb parallax=\u00bbon\u00bb custom_padding=\u00bb0px|0px|0px|0px\u00bb saved_tabs=\u00bball\u00bb locked=\u00bboff\u00bb global_colors_info=\u00bb{}\u00bb][et_pb_row use_custom_gutter=\u00bbon\u00bb gutter_width=\u00bb1&#8243; make_equal=\u00bbon\u00bb admin_label=\u00bbFooter Row\u00bb module_class=\u00bb et_pb_row_fullwidth\u00bb _builder_version=\u00bb3.25&#8243; width=\u00bb100%\u00bb width_tablet=\u00bb100%\u00bb width_phone=\u00bb\u00bb width_last_edited=\u00bbon|desktop\u00bb max_width=\u00bb100%\u00bb max_width_tablet=\u00bb100%\u00bb max_width_phone=\u00bb\u00bb max_width_last_edited=\u00bbon|desktop\u00bb custom_margin=\u00bb|||\u00bb custom_padding=\u00bb0px|0px|0px|0px\u00bb animation_style=\u00bbfade\u00bb make_fullwidth=\u00bbon\u00bb global_module=\u00bb262&#8243; saved_tabs=\u00bball\u00bb global_colors_info=\u00bb{}\u00bb][et_pb_column type=\u00bb4_4&#8243; _builder_version=\u00bb3.25&#8243; background_color=\u00bbrgba(0,0,0,0.6)\u00bb custom_padding=\u00bb100px|10%|100px|10%\u00bb custom_padding_tablet=\u00bb\u00bb custom_padding_phone=\u00bb\u00bb custom_padding_last_edited=\u00bbon|phone\u00bb global_colors_info=\u00bb{}\u00bb custom_padding__hover=\u00bb|||\u00bb][et_pb_text _builder_version=\u00bb4.11.2&#8243; _module_preset=\u00bbdefault\u00bb text_font=\u00bbOswald|||on|||||\u00bb text_text_color=\u00bb#FFFFFF\u00bb text_font_size=\u00bb40px\u00bb text_orientation=\u00bbcenter\u00bb global_colors_info=\u00bb{}\u00bb]<\/p>\n<p>\u00a0<br \/>Seguinos en las redes<\/p>\n<p>&nbsp;<\/p>\n<p>[\/et_pb_text][et_pb_text _builder_version=\u00bb4.11.2&#8243; _module_preset=\u00bbdefault\u00bb text_font=\u00bbNunito||||||||\u00bb text_text_color=\u00bb#FFFFFF\u00bb text_font_size=\u00bb18px\u00bb text_orientation=\u00bbcenter\u00bb global_colors_info=\u00bb{}\u00bb]<\/p>\n<p>Conoc\u00e9 todas las novedades.<\/p>\n<p>&nbsp;<\/p>\n<p>[\/et_pb_text][et_pb_social_media_follow follow_button=\u00bbon\u00bb _builder_version=\u00bb4.11.2&#8243; _module_preset=\u00bbdefault\u00bb text_orientation=\u00bbcenter\u00bb background_layout=\u00bbdark\u00bb global_colors_info=\u00bb{}\u00bb][et_pb_social_media_follow_network social_network=\u00bbfacebook\u00bb url=\u00bbhttps:\/\/www.facebook.com\/observatoriosj\/\u00bb _builder_version=\u00bb4.11.2&#8243; _module_preset=\u00bbdefault\u00bb background_color=\u00bb#3b5998&#8243; global_colors_info=\u00bb{}\u00bb follow_button=\u00bbon\u00bb url_new_window=\u00bbon\u00bb]facebook[\/et_pb_social_media_follow_network][et_pb_social_media_follow_network social_network=\u00bbtwitter\u00bb url=\u00bbhttps:\/\/twitter.com\/observatoriosj\u00bb _builder_version=\u00bb4.11.2&#8243; _module_preset=\u00bbdefault\u00bb background_color=\u00bb#00aced\u00bb global_colors_info=\u00bb{}\u00bb follow_button=\u00bbon\u00bb url_new_window=\u00bbon\u00bb]twitter[\/et_pb_social_media_follow_network][et_pb_social_media_follow_network social_network=\u00bbinstagram\u00bb url=\u00bbhttps:\/\/www.instagram.com\/observatoriosanjose\u00bb _builder_version=\u00bb4.11.2&#8243; _module_preset=\u00bbdefault\u00bb background_color=\u00bb#ea2c59&#8243; global_colors_info=\u00bb{}\u00bb follow_button=\u00bbon\u00bb url_new_window=\u00bbon\u00bb]instagram[\/et_pb_social_media_follow_network][et_pb_social_media_follow_network social_network=\u00bbyoutube\u00bb url=\u00bbhttps:\/\/www.youtube.com\/user\/OSJVIDEO\u00bb _builder_version=\u00bb4.11.2&#8243; _module_preset=\u00bbdefault\u00bb background_color=\u00bb#a82400&#8243; global_colors_info=\u00bb{}\u00bb follow_button=\u00bbon\u00bb url_new_window=\u00bbon\u00bb]youtube[\/et_pb_social_media_follow_network][\/et_pb_social_media_follow][\/et_pb_column][\/et_pb_row][\/et_pb_section]<\/p>\n","protected":false},"excerpt":{"rendered":"<p>El proyecto Erat\u00f3stenes consiste en recrear la medici\u00f3n de la circunferencia de la Tierra que realiz\u00f3 este matem\u00e1tico, astr\u00f3nomo y ge\u00f3grafo griego en el siglo III a. C. El objetivo de este proyecto es que estudiantes de la escuela secundaria determinen el <\/p>\n","protected":false},"author":1,"featured_media":2214,"comment_status":"closed","ping_status":"closed","sticky":false,"template":"","format":"standard","meta":{"_et_pb_use_builder":"on","_et_pb_old_content":"","_et_gb_content_width":"1080","footnotes":""},"categories":[13],"tags":[],"class_list":["post-2212","post","type-post","status-publish","format-standard","has-post-thumbnail","hentry","category-visitas"],"_links":{"self":[{"href":"https:\/\/observatoriosanjose.com.ar\/wp\/wp-json\/wp\/v2\/posts\/2212","targetHints":{"allow":["GET"]}}],"collection":[{"href":"https:\/\/observatoriosanjose.com.ar\/wp\/wp-json\/wp\/v2\/posts"}],"about":[{"href":"https:\/\/observatoriosanjose.com.ar\/wp\/wp-json\/wp\/v2\/types\/post"}],"author":[{"embeddable":true,"href":"https:\/\/observatoriosanjose.com.ar\/wp\/wp-json\/wp\/v2\/users\/1"}],"replies":[{"embeddable":true,"href":"https:\/\/observatoriosanjose.com.ar\/wp\/wp-json\/wp\/v2\/comments?post=2212"}],"version-history":[{"count":5,"href":"https:\/\/observatoriosanjose.com.ar\/wp\/wp-json\/wp\/v2\/posts\/2212\/revisions"}],"predecessor-version":[{"id":2437,"href":"https:\/\/observatoriosanjose.com.ar\/wp\/wp-json\/wp\/v2\/posts\/2212\/revisions\/2437"}],"wp:featuredmedia":[{"embeddable":true,"href":"https:\/\/observatoriosanjose.com.ar\/wp\/wp-json\/wp\/v2\/media\/2214"}],"wp:attachment":[{"href":"https:\/\/observatoriosanjose.com.ar\/wp\/wp-json\/wp\/v2\/media?parent=2212"}],"wp:term":[{"taxonomy":"category","embeddable":true,"href":"https:\/\/observatoriosanjose.com.ar\/wp\/wp-json\/wp\/v2\/categories?post=2212"},{"taxonomy":"post_tag","embeddable":true,"href":"https:\/\/observatoriosanjose.com.ar\/wp\/wp-json\/wp\/v2\/tags?post=2212"}],"curies":[{"name":"wp","href":"https:\/\/api.w.org\/{rel}","templated":true}]}}