{"id":2403,"date":"2022-02-18T03:27:48","date_gmt":"2022-02-18T03:27:48","guid":{"rendered":"https:\/\/observatoriosanjose.com.ar\/wp\/?p=2403"},"modified":"2022-02-19T19:40:41","modified_gmt":"2022-02-19T19:40:41","slug":"reloj-solar-de-analema","status":"publish","type":"post","link":"https:\/\/observatoriosanjose.com.ar\/wp\/reloj-solar-de-analema\/","title":{"rendered":"Reloj solar de analema"},"content":{"rendered":"<p>[et_pb_section fb_built=\u00bb1&#8243; admin_label=\u00bbBrewing Overview\u00bb _builder_version=\u00bb4.14.7&#8243; custom_margin=\u00bb|||\u00bb custom_padding=\u00bb0px||50px||false|false\u00bb locked=\u00bboff\u00bb global_colors_info=\u00bb{}\u00bb][et_pb_row _builder_version=\u00bb4.14.7&#8243; _module_preset=\u00bbdefault\u00bb global_colors_info=\u00bb{}\u00bb][et_pb_column type=\u00bb4_4&#8243; _builder_version=\u00bb4.14.7&#8243; _module_preset=\u00bbdefault\u00bb global_colors_info=\u00bb{}\u00bb][et_pb_text _builder_version=\u00bb4.14.7&#8243; _module_preset=\u00bbdefault\u00bb text_font=\u00bbOswald||||||||\u00bb text_text_color=\u00bb#000000&#8243; text_font_size=\u00bb27px\u00bb header_font=\u00bbOswald||||||||\u00bb header_font_size=\u00bb26px\u00bb header_2_font=\u00bbNunito|300|||||||\u00bb header_2_font_size=\u00bb18px\u00bb header_2_line_height=\u00bb2.1em\u00bb custom_margin=\u00bb||0px||false|false\u00bb global_colors_info=\u00bb{}\u00bb]Reloj solar de analema<\/p>\n<p>&nbsp;<\/p>\n<h2><strong>Marca:<\/strong> Ducretet &#8211; <strong>Origen:<\/strong> Francia &#8211; <strong>Fecha:<\/strong> 1983<br \/>\n<strong>Uso:<\/strong> Determinaci\u00f3n de fecha y hora<\/h2>\n<p>[\/et_pb_text][et_pb_divider _builder_version=\u00bb4.14.7&#8243; _module_preset=\u00bbdefault\u00bb global_colors_info=\u00bb{}\u00bb][\/et_pb_divider][\/et_pb_column][\/et_pb_row][et_pb_row _builder_version=\u00bb4.14.7&#8243; _module_preset=\u00bbdefault\u00bb global_colors_info=\u00bb{}\u00bb][et_pb_column type=\u00bb4_4&#8243; _builder_version=\u00bb4.14.7&#8243; _module_preset=\u00bbdefault\u00bb global_colors_info=\u00bb{}\u00bb][et_pb_text _builder_version=\u00bb4.14.7&#8243; _module_preset=\u00bbdefault\u00bb text_font=\u00bbNunito Sans||||||||\u00bb text_font_size=\u00bb16px\u00bb custom_margin=\u00bb-20px||||false|false\u00bb global_colors_info=\u00bb{}\u00bb]<strong>Caracter\u00edsticas<\/strong>: Este modelo de reloj solar esta constru\u00eddo en bronce y lat\u00f3n, posee una base circular dividida en cuatro cuadrantes, sobre esta se encuentra un c\u00edrculo vertical graduado que dividido en noventa partes sirve para seleccionar la latitud del lugar. El  circulo de latitud es la base de otro disco subdividido en veinticuatro partes que permite determinar las horas y fracciones en coincidencia con un nonio lateral. En forma perpendicular al circulo horario se encuentra una placa con el analema solar donde se indican los meses y d\u00edas del a\u00f1o, de la misma forma y opuesto al analema se encuentra un peque\u00f1a lente convergente. Para leer la hora basta con orientar la base del instrumento seg\u00fan los puntos cardinales y regular el circulo de latitudes seg\u00fan el lugar. Luego girando el c\u00edrculo horario hasta que el rayo proyectado por la lente se sit\u00fae sobre la l\u00ednea del analema, podremos leer el d\u00eda y mes en esa misma placa, y la hora en el c\u00edrculo horario. Este reloj cuenta adem\u00e1s con la particularidad que si trabajamos en sentido inverso, conociendo el d\u00eda y la hora,  podremos determinar la latitud del lugar moviendo el c\u00edrculo correspondiente.[\/et_pb_text][et_pb_gallery gallery_ids=\u00bb2695,2696,2697&#8243; _builder_version=\u00bb4.14.7&#8243; _module_preset=\u00bbdefault\u00bb title_font=\u00bbNunito Sans||||||||\u00bb hover_enabled=\u00bb0&#8243; global_colors_info=\u00bb{}\u00bb show_pagination=\u00bboff\u00bb show_title_and_caption=\u00bboff\u00bb sticky_enabled=\u00bb0&#8243;][\/et_pb_gallery][\/et_pb_column][\/et_pb_row][et_pb_row _builder_version=\u00bb4.14.7&#8243; _module_preset=\u00bbdefault\u00bb global_colors_info=\u00bb{}\u00bb][et_pb_column type=\u00bb4_4&#8243; _builder_version=\u00bb4.14.7&#8243; _module_preset=\u00bbdefault\u00bb global_colors_info=\u00bb{}\u00bb][et_pb_divider _builder_version=\u00bb4.14.7&#8243; _module_preset=\u00bbdefault\u00bb global_colors_info=\u00bb{}\u00bb][\/et_pb_divider][\/et_pb_column][\/et_pb_row][et_pb_row column_structure=\u00bb1_2,1_2&#8243; _builder_version=\u00bb4.14.7&#8243; _module_preset=\u00bbdefault\u00bb global_colors_info=\u00bb{}\u00bb][et_pb_column type=\u00bb1_2&#8243; _builder_version=\u00bb4.14.7&#8243; _module_preset=\u00bbdefault\u00bb global_colors_info=\u00bb{}\u00bb][et_pb_button button_url=\u00bbhttps:\/\/observatoriosanjose.com.ar\/wp\/astronomia\/\u00bb button_text=\u00bbVolver a \u00d3ptica y Fotograf\u00eda\u00bb button_alignment=\u00bbcenter\u00bb _builder_version=\u00bb4.14.7&#8243; _module_preset=\u00bbdefault\u00bb custom_button=\u00bbon\u00bb button_font=\u00bbNunito||||||||\u00bb global_colors_info=\u00bb{}\u00bb][\/et_pb_button][\/et_pb_column][et_pb_column type=\u00bb1_2&#8243; _builder_version=\u00bb4.14.7&#8243; _module_preset=\u00bbdefault\u00bb global_colors_info=\u00bb{}\u00bb][et_pb_button button_url=\u00bbhttps:\/\/observatoriosanjose.com.ar\/wp\/museo\/\u00bb button_text=\u00bbVolver al Museo\u00bb button_alignment=\u00bbcenter\u00bb _builder_version=\u00bb4.14.7&#8243; _module_preset=\u00bbdefault\u00bb custom_button=\u00bbon\u00bb button_font=\u00bbNunito Sans||||||||\u00bb global_colors_info=\u00bb{}\u00bb][\/et_pb_button][\/et_pb_column][\/et_pb_row][\/et_pb_section][et_pb_section fb_built=\u00bb1&#8243; admin_label=\u00bbFooter\u00bb _builder_version=\u00bb4.11.2&#8243; background_color_gradient_direction=\u00bb90deg\u00bb background_image=\u00bbhttps:\/\/observatoriosanjose.com.ar\/wp\/wp-content\/uploads\/2022\/01\/titulo.jpg\u00bb parallax=\u00bbon\u00bb custom_padding=\u00bb0px|0px|0px|0px\u00bb saved_tabs=\u00bball\u00bb locked=\u00bboff\u00bb global_colors_info=\u00bb{}\u00bb][et_pb_row use_custom_gutter=\u00bbon\u00bb gutter_width=\u00bb1&#8243; make_equal=\u00bbon\u00bb admin_label=\u00bbFooter Row\u00bb module_class=\u00bb et_pb_row_fullwidth\u00bb _builder_version=\u00bb3.25&#8243; width=\u00bb100%\u00bb width_tablet=\u00bb100%\u00bb width_phone=\u00bb\u00bb width_last_edited=\u00bbon|desktop\u00bb max_width=\u00bb100%\u00bb max_width_tablet=\u00bb100%\u00bb max_width_phone=\u00bb\u00bb max_width_last_edited=\u00bbon|desktop\u00bb custom_margin=\u00bb|||\u00bb custom_padding=\u00bb0px|0px|0px|0px\u00bb animation_style=\u00bbfade\u00bb make_fullwidth=\u00bbon\u00bb global_module=\u00bb262&#8243; saved_tabs=\u00bball\u00bb global_colors_info=\u00bb{}\u00bb][et_pb_column type=\u00bb4_4&#8243; _builder_version=\u00bb3.25&#8243; background_color=\u00bbrgba(0,0,0,0.6)\u00bb custom_padding=\u00bb100px|10%|100px|10%\u00bb custom_padding_tablet=\u00bb\u00bb custom_padding_phone=\u00bb\u00bb custom_padding_last_edited=\u00bbon|phone\u00bb global_colors_info=\u00bb{}\u00bb custom_padding__hover=\u00bb|||\u00bb][et_pb_text _builder_version=\u00bb4.11.2&#8243; _module_preset=\u00bbdefault\u00bb text_font=\u00bbOswald|||on|||||\u00bb text_text_color=\u00bb#FFFFFF\u00bb text_font_size=\u00bb40px\u00bb text_orientation=\u00bbcenter\u00bb global_colors_info=\u00bb{}\u00bb]<\/p>\n<p>\u00a0<br \/>Seguinos en las redes<\/p>\n<p>&nbsp;<\/p>\n<p>[\/et_pb_text][et_pb_text _builder_version=\u00bb4.11.2&#8243; _module_preset=\u00bbdefault\u00bb text_font=\u00bbNunito||||||||\u00bb text_text_color=\u00bb#FFFFFF\u00bb text_font_size=\u00bb18px\u00bb text_orientation=\u00bbcenter\u00bb global_colors_info=\u00bb{}\u00bb]<\/p>\n<p>Conoc\u00e9 todas las novedades.<\/p>\n<p>&nbsp;<\/p>\n<p>[\/et_pb_text][et_pb_social_media_follow follow_button=\u00bbon\u00bb _builder_version=\u00bb4.11.2&#8243; _module_preset=\u00bbdefault\u00bb text_orientation=\u00bbcenter\u00bb background_layout=\u00bbdark\u00bb global_colors_info=\u00bb{}\u00bb][et_pb_social_media_follow_network social_network=\u00bbfacebook\u00bb url=\u00bbhttps:\/\/www.facebook.com\/observatoriosj\/\u00bb _builder_version=\u00bb4.11.2&#8243; _module_preset=\u00bbdefault\u00bb background_color=\u00bb#3b5998&#8243; global_colors_info=\u00bb{}\u00bb follow_button=\u00bbon\u00bb url_new_window=\u00bbon\u00bb]facebook[\/et_pb_social_media_follow_network][et_pb_social_media_follow_network social_network=\u00bbtwitter\u00bb url=\u00bbhttps:\/\/twitter.com\/observatoriosj\u00bb _builder_version=\u00bb4.11.2&#8243; _module_preset=\u00bbdefault\u00bb background_color=\u00bb#00aced\u00bb global_colors_info=\u00bb{}\u00bb follow_button=\u00bbon\u00bb url_new_window=\u00bbon\u00bb]twitter[\/et_pb_social_media_follow_network][et_pb_social_media_follow_network social_network=\u00bbinstagram\u00bb url=\u00bbhttps:\/\/www.instagram.com\/observatoriosanjose\u00bb _builder_version=\u00bb4.11.2&#8243; _module_preset=\u00bbdefault\u00bb background_color=\u00bb#ea2c59&#8243; global_colors_info=\u00bb{}\u00bb follow_button=\u00bbon\u00bb url_new_window=\u00bbon\u00bb]instagram[\/et_pb_social_media_follow_network][et_pb_social_media_follow_network social_network=\u00bbyoutube\u00bb url=\u00bbhttps:\/\/www.youtube.com\/user\/OSJVIDEO\u00bb _builder_version=\u00bb4.11.2&#8243; _module_preset=\u00bbdefault\u00bb background_color=\u00bb#a82400&#8243; global_colors_info=\u00bb{}\u00bb follow_button=\u00bbon\u00bb url_new_window=\u00bbon\u00bb]youtube[\/et_pb_social_media_follow_network][\/et_pb_social_media_follow][\/et_pb_column][\/et_pb_row][\/et_pb_section]<\/p>\n","protected":false},"excerpt":{"rendered":"<p>Reloj solar de analema &nbsp; Marca: Ducretet &#8211; Origen: Francia &#8211; Fecha: 1983 Uso: Determinaci\u00f3n de fecha y horaCaracter\u00edsticas: Este modelo de reloj solar esta constru\u00eddo en bronce y lat\u00f3n, posee una base circular dividida en cuatro cuadrantes, sobre esta se encuentra un c\u00edrculo vertical graduado que dividido en noventa partes sirve para seleccionar la [&hellip;]<\/p>\n","protected":false},"author":1,"featured_media":2408,"comment_status":"closed","ping_status":"closed","sticky":false,"template":"","format":"standard","meta":{"_et_pb_use_builder":"on","_et_pb_old_content":"","_et_gb_content_width":"1080","footnotes":""},"categories":[48,46],"tags":[],"class_list":["post-2403","post","type-post","status-publish","format-standard","has-post-thumbnail","hentry","category-astronomia","category-museo"],"_links":{"self":[{"href":"https:\/\/observatoriosanjose.com.ar\/wp\/wp-json\/wp\/v2\/posts\/2403","targetHints":{"allow":["GET"]}}],"collection":[{"href":"https:\/\/observatoriosanjose.com.ar\/wp\/wp-json\/wp\/v2\/posts"}],"about":[{"href":"https:\/\/observatoriosanjose.com.ar\/wp\/wp-json\/wp\/v2\/types\/post"}],"author":[{"embeddable":true,"href":"https:\/\/observatoriosanjose.com.ar\/wp\/wp-json\/wp\/v2\/users\/1"}],"replies":[{"embeddable":true,"href":"https:\/\/observatoriosanjose.com.ar\/wp\/wp-json\/wp\/v2\/comments?post=2403"}],"version-history":[{"count":3,"href":"https:\/\/observatoriosanjose.com.ar\/wp\/wp-json\/wp\/v2\/posts\/2403\/revisions"}],"predecessor-version":[{"id":2698,"href":"https:\/\/observatoriosanjose.com.ar\/wp\/wp-json\/wp\/v2\/posts\/2403\/revisions\/2698"}],"wp:featuredmedia":[{"embeddable":true,"href":"https:\/\/observatoriosanjose.com.ar\/wp\/wp-json\/wp\/v2\/media\/2408"}],"wp:attachment":[{"href":"https:\/\/observatoriosanjose.com.ar\/wp\/wp-json\/wp\/v2\/media?parent=2403"}],"wp:term":[{"taxonomy":"category","embeddable":true,"href":"https:\/\/observatoriosanjose.com.ar\/wp\/wp-json\/wp\/v2\/categories?post=2403"},{"taxonomy":"post_tag","embeddable":true,"href":"https:\/\/observatoriosanjose.com.ar\/wp\/wp-json\/wp\/v2\/tags?post=2403"}],"curies":[{"name":"wp","href":"https:\/\/api.w.org\/{rel}","templated":true}]}}