{"id":523,"date":"2022-01-25T23:39:10","date_gmt":"2022-01-25T23:39:10","guid":{"rendered":"https:\/\/observatoriosanjose.com.ar\/wp\/?p=523"},"modified":"2022-02-08T01:48:21","modified_gmt":"2022-02-08T01:48:21","slug":"eclipses-de-sol-y-luna-transitos-planetarios-hasta-el-2020","status":"publish","type":"post","link":"https:\/\/observatoriosanjose.com.ar\/wp\/eclipses-de-sol-y-luna-transitos-planetarios-hasta-el-2020\/","title":{"rendered":"Eclipses de Sol y Luna, Tr\u00e1nsitos planetarios hasta el 2020"},"content":{"rendered":"<p>[et_pb_section fb_built=\u00bb1&#8243; admin_label=\u00bbBrewing Overview\u00bb _builder_version=\u00bb4.14.7&#8243; custom_margin=\u00bb|||\u00bb custom_padding=\u00bb0px||50px||false|false\u00bb locked=\u00bboff\u00bb global_colors_info=\u00bb{}\u00bb][et_pb_row _builder_version=\u00bb4.14.7&#8243; _module_preset=\u00bbdefault\u00bb global_colors_info=\u00bb{}\u00bb][et_pb_column type=\u00bb4_4&#8243; _builder_version=\u00bb4.14.7&#8243; _module_preset=\u00bbdefault\u00bb global_colors_info=\u00bb{}\u00bb][et_pb_text _builder_version=\u00bb4.14.7&#8243; _module_preset=\u00bbdefault\u00bb text_font=\u00bbOswald||||||||\u00bb text_text_color=\u00bb#000000&#8243; text_font_size=\u00bb27px\u00bb header_font=\u00bbOswald||||||||\u00bb header_font_size=\u00bb35px\u00bb header_2_font=\u00bb|300|||||||\u00bb header_2_font_size=\u00bb21px\u00bb header_2_line_height=\u00bb2.1em\u00bb custom_margin=\u00bb||0px||false|false\u00bb global_colors_info=\u00bb{}\u00bb]Eclipses de Sol y Luna. Tr\u00e1nsitos planetarios<\/p>\n<h2>Harold Lutz<\/h2>\n<p>[\/et_pb_text][et_pb_divider _builder_version=\u00bb4.14.7&#8243; _module_preset=\u00bbdefault\u00bb global_colors_info=\u00bb{}\u00bb][\/et_pb_divider][\/et_pb_column][\/et_pb_row][et_pb_row column_structure=\u00bb1_5,1_5,3_5&#8243; _builder_version=\u00bb4.14.7&#8243; _module_preset=\u00bbdefault\u00bb global_colors_info=\u00bb{}\u00bb][et_pb_column type=\u00bb1_5&#8243; _builder_version=\u00bb4.14.7&#8243; _module_preset=\u00bbdefault\u00bb global_colors_info=\u00bb{}\u00bb][et_pb_image src=\u00bbhttps:\/\/observatoriosanjose.com.ar\/wp\/wp-content\/uploads\/2022\/01\/Eclipses-de-sol-y-de-luna.jpg\u00bb title_text=\u00bbEclipses-de-sol-y-de-luna\u00bb _builder_version=\u00bb4.14.7&#8243; _module_preset=\u00bbdefault\u00bb global_colors_info=\u00bb{}\u00bb][\/et_pb_image][\/et_pb_column][et_pb_column type=\u00bb1_5&#8243; _builder_version=\u00bb4.14.7&#8243; _module_preset=\u00bbdefault\u00bb global_colors_info=\u00bb{}\u00bb][et_pb_text _builder_version=\u00bb4.14.7&#8243; _module_preset=\u00bbdefault\u00bb global_colors_info=\u00bb{}\u00bb]<strong>Editorial:<\/strong> Omega<br \/>\n<strong>Edici\u00f3n en alem\u00e1n:<\/strong> 2005<br \/>\n<strong>Edici\u00f3n en espa\u00f1ol:<\/strong> 2005<br \/>\n<strong>Traducci\u00f3n:<\/strong> Dulcinea Otero Pi\u00f1eiro<br \/>\n<strong>Revisi\u00f3n:<\/strong> David Galadi Enriquez<br \/>\n<strong>ISBN:<\/strong> 84-282-1249-X<br \/>\n<strong>Tama\u00f1o:<\/strong> 15 x 20 cm<br \/>\n<strong>Tapa:<\/strong> blanda<br \/>\n<strong>P\u00e1ginas:<\/strong> 144<\/p>\n<p><strong>Valoraci\u00f3n:<\/strong> \u273d \u273d \u273d \u273d[\/et_pb_text][\/et_pb_column][et_pb_column type=\u00bb3_5&#8243; _builder_version=\u00bb4.14.7&#8243; _module_preset=\u00bbdefault\u00bb global_colors_info=\u00bb{}\u00bb][et_pb_text _builder_version=\u00bb4.14.7&#8243; text_font=\u00bbNunito||||\u00bb text_font_size=\u00bb16px\u00bb text_line_height=\u00bb1.8em\u00bb header_font=\u00bbOswald|||on|\u00bb header_font_size=\u00bb16px\u00bb header_letter_spacing=\u00bb2px\u00bb header_line_height=\u00bb1.7em\u00bb header_4_font=\u00bbOswald|||on|||||\u00bb header_4_font_size=\u00bb16px\u00bb header_4_letter_spacing=\u00bb1px\u00bb header_4_line_height=\u00bb1.5em\u00bb background_size=\u00bbinitial\u00bb background_position=\u00bbtop_left\u00bb background_repeat=\u00bbrepeat\u00bb max_width=\u00bb600px\u00bb max_width_tablet=\u00bb\u00bb max_width_phone=\u00bb\u00bb max_width_last_edited=\u00bbon|phone\u00bb module_alignment=\u00bbcenter\u00bb custom_margin=\u00bb|||\u00bb global_colors_info=\u00bb{}\u00bb]<strong>Resumen:<\/strong><br \/>\nInteresante y completa edici\u00f3n sobre eclipses y tr\u00e1nsitos, destacando principalmente que la traducci\u00f3n ha adaptado las efem\u00e9rides para la zona del mundo hispano parlante, indicando las fechas para las principales ciudades de esta regi\u00f3n del planeta. El libro comienza con  tres cap\u00edtulos introductorios sobre la precisi\u00f3n de las  efem\u00e9rides, como se suceden los eclipses y tr\u00e1nsitos y la observaci\u00f3n segura de eclipses. Continua con un interesante y completo cuarto capitulo sobre las t\u00e9cnicas fotogr\u00e1ficas para eclipses donde abundan los datos pr\u00e1cticos, f\u00f3rmulas y ejemplos concretos obtenidos en su mayor\u00eda por el autor. El quinto capitulo es el medular del libro donde est\u00e1n las efem\u00e9rides para los tr\u00e1nsitos de Mercurio del a\u00f1o 1900 al 2100, para Venus desde el 1600 a 2200 y  para los eclipses de Sol y Luna desde 2005 al 2020. Estos \u00faltimos est\u00e1n provistos de los tiempos de observaci\u00f3n para las principales ciudades hispano parlantes, las \u00e1reas de visibilidad sobre nuestro planeta para los solares y el gr\u00e1fico del tr\u00e1nsito lunar sobre la sombra terrestre para los eclipses lunares. El volumen concluye con un ap\u00e9ndice con glosario y explicaci\u00f3n detallada de los mapas de eclipses. La edici\u00f3n esta realizada en papel ilustraci\u00f3n impreso a todo color, con gr\u00e1ficos, fotos y tapas blandas.<\/p>\n<p>Sintetizando: muy recomendable para quien desee encontrar informaci\u00f3n astron\u00f3mica b\u00e1sica sobre eclipses y tr\u00e1nsitos, as\u00ed como conocer las efem\u00e9rides y las t\u00e9cnicas de observaci\u00f3n fotogr\u00e1fica con pel\u00edcula..<\/p>\n<p><strong>Autor:<\/strong><br \/>\nHarold Lutz: Lamentamos no disponer de datos sobre el autor<br \/>\nDavid Galadi-Enriquez curs\u00f3 sus estudios de licenciatura en f\u00edsica (1987-1992) en las universidades de Granada y Barcelona. Impartido asignaturas de astronom\u00eda observacional, programaci\u00f3n y f\u00edsica te\u00f3rica. Ejerce como investigador en el Centro de Astrobiolog\u00eda (CSIC-INTA), en Torrej\u00f3n de Ardoz (Madrid) en las \u00e1reas de  astrometr\u00eda y fotometr\u00eda estelares.[\/et_pb_text][\/et_pb_column][\/et_pb_row][et_pb_row _builder_version=\u00bb4.14.7&#8243; _module_preset=\u00bbdefault\u00bb global_colors_info=\u00bb{}\u00bb][et_pb_column type=\u00bb4_4&#8243; _builder_version=\u00bb4.14.7&#8243; _module_preset=\u00bbdefault\u00bb global_colors_info=\u00bb{}\u00bb][et_pb_divider _builder_version=\u00bb4.14.7&#8243; _module_preset=\u00bbdefault\u00bb global_colors_info=\u00bb{}\u00bb][\/et_pb_divider][\/et_pb_column][\/et_pb_row][et_pb_row column_structure=\u00bb1_2,1_2&#8243; _builder_version=\u00bb4.14.7&#8243; _module_preset=\u00bbdefault\u00bb global_colors_info=\u00bb{}\u00bb global_module=\u00bb1551&#8243; theme_builder_area=\u00bbpost_content\u00bb][et_pb_column type=\u00bb1_2&#8243; _builder_version=\u00bb4.14.7&#8243; _module_preset=\u00bbdefault\u00bb global_colors_info=\u00bb{}\u00bb theme_builder_area=\u00bbpost_content\u00bb][et_pb_button button_url=\u00bbhttps:\/\/observatoriosanjose.com.ar\/wp\/astronomia-para-aficionados\/\u00bb button_text=\u00bbVolver a Astronom\u00eda para Aficionados\u00bb button_alignment=\u00bbcenter\u00bb _builder_version=\u00bb4.14.7&#8243; _module_preset=\u00bbdefault\u00bb global_colors_info=\u00bb{}\u00bb theme_builder_area=\u00bbpost_content\u00bb][\/et_pb_button][\/et_pb_column][et_pb_column type=\u00bb1_2&#8243; _builder_version=\u00bb4.14.7&#8243; _module_preset=\u00bbdefault\u00bb global_colors_info=\u00bb{}\u00bb theme_builder_area=\u00bbpost_content\u00bb][et_pb_button button_url=\u00bbhttps:\/\/observatoriosanjose.com.ar\/wp\/resena-de-libros\/\u00bb button_text=\u00bbVolver a la Rese\u00f1a de Libros\u00bb button_alignment=\u00bbcenter\u00bb _builder_version=\u00bb4.14.7&#8243; _module_preset=\u00bbdefault\u00bb global_colors_info=\u00bb{}\u00bb theme_builder_area=\u00bbpost_content\u00bb][\/et_pb_button][\/et_pb_column][\/et_pb_row][\/et_pb_section][et_pb_section fb_built=\u00bb1&#8243; admin_label=\u00bbFooter\u00bb _builder_version=\u00bb4.11.2&#8243; background_color_gradient_direction=\u00bb90deg\u00bb background_image=\u00bbhttps:\/\/observatoriosanjose.com.ar\/wp\/wp-content\/uploads\/2022\/01\/titulo.jpg\u00bb parallax=\u00bbon\u00bb custom_padding=\u00bb0px|0px|0px|0px\u00bb saved_tabs=\u00bball\u00bb locked=\u00bboff\u00bb global_colors_info=\u00bb{}\u00bb][et_pb_row use_custom_gutter=\u00bbon\u00bb gutter_width=\u00bb1&#8243; make_equal=\u00bbon\u00bb admin_label=\u00bbFooter Row\u00bb module_class=\u00bb et_pb_row_fullwidth\u00bb _builder_version=\u00bb3.25&#8243; width=\u00bb100%\u00bb width_tablet=\u00bb100%\u00bb width_phone=\u00bb\u00bb width_last_edited=\u00bbon|desktop\u00bb max_width=\u00bb100%\u00bb max_width_tablet=\u00bb100%\u00bb max_width_phone=\u00bb\u00bb max_width_last_edited=\u00bbon|desktop\u00bb custom_margin=\u00bb|||\u00bb custom_padding=\u00bb0px|0px|0px|0px\u00bb animation_style=\u00bbfade\u00bb make_fullwidth=\u00bbon\u00bb global_module=\u00bb262&#8243; saved_tabs=\u00bball\u00bb global_colors_info=\u00bb{}\u00bb][et_pb_column type=\u00bb4_4&#8243; _builder_version=\u00bb3.25&#8243; background_color=\u00bbrgba(0,0,0,0.6)\u00bb custom_padding=\u00bb100px|10%|100px|10%\u00bb custom_padding_tablet=\u00bb\u00bb custom_padding_phone=\u00bb\u00bb custom_padding_last_edited=\u00bbon|phone\u00bb global_colors_info=\u00bb{}\u00bb custom_padding__hover=\u00bb|||\u00bb][et_pb_text _builder_version=\u00bb4.11.2&#8243; _module_preset=\u00bbdefault\u00bb text_font=\u00bbOswald|||on|||||\u00bb text_text_color=\u00bb#FFFFFF\u00bb text_font_size=\u00bb40px\u00bb text_orientation=\u00bbcenter\u00bb global_colors_info=\u00bb{}\u00bb]<\/p>\n<p>\u00a0<br \/>Seguinos en las redes<\/p>\n<p>&nbsp;<\/p>\n<p>[\/et_pb_text][et_pb_text _builder_version=\u00bb4.11.2&#8243; _module_preset=\u00bbdefault\u00bb text_font=\u00bbNunito||||||||\u00bb text_text_color=\u00bb#FFFFFF\u00bb text_font_size=\u00bb18px\u00bb text_orientation=\u00bbcenter\u00bb global_colors_info=\u00bb{}\u00bb]<\/p>\n<p>Conoc\u00e9 todas las novedades.<\/p>\n<p>&nbsp;<\/p>\n<p>[\/et_pb_text][et_pb_social_media_follow follow_button=\u00bbon\u00bb _builder_version=\u00bb4.11.2&#8243; _module_preset=\u00bbdefault\u00bb text_orientation=\u00bbcenter\u00bb background_layout=\u00bbdark\u00bb global_colors_info=\u00bb{}\u00bb][et_pb_social_media_follow_network social_network=\u00bbfacebook\u00bb url=\u00bbhttps:\/\/www.facebook.com\/observatoriosj\/\u00bb _builder_version=\u00bb4.11.2&#8243; _module_preset=\u00bbdefault\u00bb background_color=\u00bb#3b5998&#8243; global_colors_info=\u00bb{}\u00bb follow_button=\u00bbon\u00bb url_new_window=\u00bbon\u00bb]facebook[\/et_pb_social_media_follow_network][et_pb_social_media_follow_network social_network=\u00bbtwitter\u00bb url=\u00bbhttps:\/\/twitter.com\/observatoriosj\u00bb _builder_version=\u00bb4.11.2&#8243; _module_preset=\u00bbdefault\u00bb background_color=\u00bb#00aced\u00bb global_colors_info=\u00bb{}\u00bb follow_button=\u00bbon\u00bb url_new_window=\u00bbon\u00bb]twitter[\/et_pb_social_media_follow_network][et_pb_social_media_follow_network social_network=\u00bbinstagram\u00bb url=\u00bbhttps:\/\/www.instagram.com\/observatoriosanjose\u00bb _builder_version=\u00bb4.11.2&#8243; _module_preset=\u00bbdefault\u00bb background_color=\u00bb#ea2c59&#8243; global_colors_info=\u00bb{}\u00bb follow_button=\u00bbon\u00bb url_new_window=\u00bbon\u00bb]instagram[\/et_pb_social_media_follow_network][et_pb_social_media_follow_network social_network=\u00bbyoutube\u00bb url=\u00bbhttps:\/\/www.youtube.com\/user\/OSJVIDEO\u00bb _builder_version=\u00bb4.11.2&#8243; _module_preset=\u00bbdefault\u00bb background_color=\u00bb#a82400&#8243; global_colors_info=\u00bb{}\u00bb follow_button=\u00bbon\u00bb url_new_window=\u00bbon\u00bb]youtube[\/et_pb_social_media_follow_network][\/et_pb_social_media_follow][\/et_pb_column][\/et_pb_row][\/et_pb_section]<\/p>\n","protected":false},"excerpt":{"rendered":"<p><strong>T\u00edtulo:<\/strong> \u00abEclipses de Sol y Luna&#8230;\u00bb<\/br><br \/>\n<strong>Autor:<\/strong> Harold Lutz<br \/>\n<\/br><br \/>\n<strong>Valoraci\u00f3n:<\/strong> \u273d \u273d \u273d \u273d<\/p>\n","protected":false},"author":1,"featured_media":524,"comment_status":"closed","ping_status":"closed","sticky":false,"template":"","format":"standard","meta":{"_et_pb_use_builder":"on","_et_pb_old_content":"","_et_gb_content_width":"1080","footnotes":""},"categories":[17,16],"tags":[],"class_list":["post-523","post","type-post","status-publish","format-standard","has-post-thumbnail","hentry","category-astronomia-para-aficionados","category-biblioteca"],"_links":{"self":[{"href":"https:\/\/observatoriosanjose.com.ar\/wp\/wp-json\/wp\/v2\/posts\/523","targetHints":{"allow":["GET"]}}],"collection":[{"href":"https:\/\/observatoriosanjose.com.ar\/wp\/wp-json\/wp\/v2\/posts"}],"about":[{"href":"https:\/\/observatoriosanjose.com.ar\/wp\/wp-json\/wp\/v2\/types\/post"}],"author":[{"embeddable":true,"href":"https:\/\/observatoriosanjose.com.ar\/wp\/wp-json\/wp\/v2\/users\/1"}],"replies":[{"embeddable":true,"href":"https:\/\/observatoriosanjose.com.ar\/wp\/wp-json\/wp\/v2\/comments?post=523"}],"version-history":[{"count":4,"href":"https:\/\/observatoriosanjose.com.ar\/wp\/wp-json\/wp\/v2\/posts\/523\/revisions"}],"predecessor-version":[{"id":1558,"href":"https:\/\/observatoriosanjose.com.ar\/wp\/wp-json\/wp\/v2\/posts\/523\/revisions\/1558"}],"wp:featuredmedia":[{"embeddable":true,"href":"https:\/\/observatoriosanjose.com.ar\/wp\/wp-json\/wp\/v2\/media\/524"}],"wp:attachment":[{"href":"https:\/\/observatoriosanjose.com.ar\/wp\/wp-json\/wp\/v2\/media?parent=523"}],"wp:term":[{"taxonomy":"category","embeddable":true,"href":"https:\/\/observatoriosanjose.com.ar\/wp\/wp-json\/wp\/v2\/categories?post=523"},{"taxonomy":"post_tag","embeddable":true,"href":"https:\/\/observatoriosanjose.com.ar\/wp\/wp-json\/wp\/v2\/tags?post=523"}],"curies":[{"name":"wp","href":"https:\/\/api.w.org\/{rel}","templated":true}]}}