{"id":738,"date":"2022-01-29T14:58:13","date_gmt":"2022-01-29T14:58:13","guid":{"rendered":"https:\/\/observatoriosanjose.com.ar\/wp\/?p=738"},"modified":"2022-02-08T11:45:17","modified_gmt":"2022-02-08T11:45:17","slug":"el-incendio-de-alejandria","status":"publish","type":"post","link":"https:\/\/observatoriosanjose.com.ar\/wp\/el-incendio-de-alejandria\/","title":{"rendered":"El incendio de Alejandr\u00eda"},"content":{"rendered":"<p>[et_pb_section fb_built=\u00bb1&#8243; admin_label=\u00bbBrewing Overview\u00bb _builder_version=\u00bb4.14.7&#8243; custom_margin=\u00bb|||\u00bb custom_padding=\u00bb0px||50px||false|false\u00bb locked=\u00bboff\u00bb global_colors_info=\u00bb{}\u00bb][et_pb_row _builder_version=\u00bb4.14.7&#8243; _module_preset=\u00bbdefault\u00bb global_colors_info=\u00bb{}\u00bb][et_pb_column type=\u00bb4_4&#8243; _builder_version=\u00bb4.14.7&#8243; _module_preset=\u00bbdefault\u00bb global_colors_info=\u00bb{}\u00bb][et_pb_text _builder_version=\u00bb4.14.7&#8243; _module_preset=\u00bbdefault\u00bb text_font=\u00bbOswald||||||||\u00bb text_text_color=\u00bb#000000&#8243; text_font_size=\u00bb27px\u00bb header_font=\u00bbOswald||||||||\u00bb header_font_size=\u00bb35px\u00bb header_2_font=\u00bb|300|||||||\u00bb header_2_font_size=\u00bb21px\u00bb header_2_line_height=\u00bb2.1em\u00bb custom_margin=\u00bb||0px||false|false\u00bb global_colors_info=\u00bb{}\u00bb]El Incendio de Alejandr\u00eda<\/p>\n<h2>Jean Pierre Luminet<\/h2>\n<p>[\/et_pb_text][et_pb_divider _builder_version=\u00bb4.14.7&#8243; _module_preset=\u00bbdefault\u00bb global_colors_info=\u00bb{}\u00bb][\/et_pb_divider][\/et_pb_column][\/et_pb_row][et_pb_row column_structure=\u00bb1_5,1_5,3_5&#8243; _builder_version=\u00bb4.14.7&#8243; _module_preset=\u00bbdefault\u00bb global_colors_info=\u00bb{}\u00bb][et_pb_column type=\u00bb1_5&#8243; _builder_version=\u00bb4.14.7&#8243; _module_preset=\u00bbdefault\u00bb global_colors_info=\u00bb{}\u00bb][et_pb_image src=\u00bbhttps:\/\/observatoriosanjose.com.ar\/wp\/wp-content\/uploads\/2022\/02\/el-incendio-de-alejandria.jpg\u00bb title_text=\u00bbel-incendio-de-alejandria\u00bb _builder_version=\u00bb4.14.7&#8243; _module_preset=\u00bbdefault\u00bb global_colors_info=\u00bb{}\u00bb][\/et_pb_image][\/et_pb_column][et_pb_column type=\u00bb1_5&#8243; _builder_version=\u00bb4.14.7&#8243; _module_preset=\u00bbdefault\u00bb global_colors_info=\u00bb{}\u00bb][et_pb_text _builder_version=\u00bb4.14.7&#8243; _module_preset=\u00bbdefault\u00bb global_colors_info=\u00bb{}\u00bb]<strong>Editorial:<\/strong> Ediciones B &#8211; Grupo Z<br \/>\n<strong>Edici\u00f3n<\/strong> 2003<br \/>\n<strong>ISBN:<\/strong> 84-666-1069-3<br \/>\n<strong>Tama\u00f1o:<\/strong> 23 x 15 cm<br \/>\n<strong>Tapa:<\/strong> blanda<br \/>\n<strong>P\u00e1ginas:<\/strong> 304<\/p>\n<p><strong>Valoraci\u00f3n:<\/strong> \u273d \u273d \u273d \u273d \u273d[\/et_pb_text][\/et_pb_column][et_pb_column type=\u00bb3_5&#8243; _builder_version=\u00bb4.14.7&#8243; _module_preset=\u00bbdefault\u00bb global_colors_info=\u00bb{}\u00bb][et_pb_text _builder_version=\u00bb4.14.7&#8243; text_font=\u00bbNunito||||\u00bb text_font_size=\u00bb16px\u00bb text_line_height=\u00bb1.8em\u00bb header_font=\u00bbOswald|||on|\u00bb header_font_size=\u00bb16px\u00bb header_letter_spacing=\u00bb2px\u00bb header_line_height=\u00bb1.7em\u00bb header_4_font=\u00bbOswald|||on|||||\u00bb header_4_font_size=\u00bb16px\u00bb header_4_letter_spacing=\u00bb1px\u00bb header_4_line_height=\u00bb1.5em\u00bb background_size=\u00bbinitial\u00bb background_position=\u00bbtop_left\u00bb background_repeat=\u00bbrepeat\u00bb max_width=\u00bb600px\u00bb max_width_tablet=\u00bb\u00bb max_width_phone=\u00bb\u00bb max_width_last_edited=\u00bbon|phone\u00bb module_alignment=\u00bbcenter\u00bb custom_margin=\u00bb|||\u00bb global_colors_info=\u00bb{}\u00bb]<strong>Resumen:<\/strong><br \/>\nSiguiendo las \u00f3rdenes del califa Omar, las tropas del general Amr invaden Alejandr\u00eda en el 642 con el objetivo de quemar los miles de libros atesorados en la famosa biblioteca. Un viejo fil\u00f3sofo cristiano, un m\u00e9dico jud\u00edo y una bella matem\u00e1tica tratar\u00e1n de salvar la biblioteca llevando al general Amr a trav\u00e9s de un relato hist\u00f3rico de la biblioteca y los sabios que la poblaron.<\/p>\n<p>M\u00e1s all\u00e1 de los verdaderos autores de la quema de la biblioteca, cuya identidad es a\u00fan largamente discutida, es un placer encontrarnos con Eucl\u00eddes, Arquimedes, Aristarco de Samos  y muchos otros que nos muestran el camino de la ciencia y los ineludibles problemas que enfrenta con el poder temporal de su momento.  <\/p>\n<p><strong>Autor:<\/strong><br \/>\nJean Pierre Luminet es astrof\u00edsico, escritor y poeta. Como investigador trabaja en el observatorio de Par\u00eds y en reconocimiento a su actuaci\u00f3n un asteroide lleva su nombre. Como escritor a\u00fana el inter\u00e9s por la ciencia y una agilidad en la trama que atrapa al lector. Es autor adem\u00e1s de L\u2019Univers chifonn\u00e9, Le rendez-vous de Venus, Le feu du ciel, Noir soleil y Les po\u00e8tes et l\u2019Univers.  [\/et_pb_text][\/et_pb_column][\/et_pb_row][et_pb_row _builder_version=\u00bb4.14.7&#8243; _module_preset=\u00bbdefault\u00bb global_colors_info=\u00bb{}\u00bb][et_pb_column type=\u00bb4_4&#8243; _builder_version=\u00bb4.14.7&#8243; _module_preset=\u00bbdefault\u00bb global_colors_info=\u00bb{}\u00bb][et_pb_divider _builder_version=\u00bb4.14.7&#8243; _module_preset=\u00bbdefault\u00bb global_colors_info=\u00bb{}\u00bb][\/et_pb_divider][\/et_pb_column][\/et_pb_row][et_pb_row column_structure=\u00bb1_2,1_2&#8243; _builder_version=\u00bb4.14.7&#8243; _module_preset=\u00bbdefault\u00bb global_colors_info=\u00bb{}\u00bb global_module=\u00bb1665&#8243; theme_builder_area=\u00bbpost_content\u00bb][et_pb_column type=\u00bb1_2&#8243; _builder_version=\u00bb4.14.7&#8243; _module_preset=\u00bbdefault\u00bb global_colors_info=\u00bb{}\u00bb theme_builder_area=\u00bbpost_content\u00bb][et_pb_button button_url=\u00bbhttps:\/\/observatoriosanjose.com.ar\/wp\/novela-historica\/\u00bb button_text=\u00bbVolver a Novelas Hist\u00f3ricas\u00bb button_alignment=\u00bbcenter\u00bb _builder_version=\u00bb4.14.7&#8243; _module_preset=\u00bbdefault\u00bb global_colors_info=\u00bb{}\u00bb theme_builder_area=\u00bbpost_content\u00bb][\/et_pb_button][\/et_pb_column][et_pb_column type=\u00bb1_2&#8243; _builder_version=\u00bb4.14.7&#8243; _module_preset=\u00bbdefault\u00bb global_colors_info=\u00bb{}\u00bb theme_builder_area=\u00bbpost_content\u00bb][et_pb_button button_url=\u00bbhttps:\/\/observatoriosanjose.com.ar\/wp\/resena-de-libros\/\u00bb button_text=\u00bbVolver a la Rese\u00f1a de Libros\u00bb button_alignment=\u00bbcenter\u00bb _builder_version=\u00bb4.14.7&#8243; _module_preset=\u00bbdefault\u00bb global_colors_info=\u00bb{}\u00bb theme_builder_area=\u00bbpost_content\u00bb][\/et_pb_button][\/et_pb_column][\/et_pb_row][\/et_pb_section][et_pb_section fb_built=\u00bb1&#8243; admin_label=\u00bbFooter\u00bb _builder_version=\u00bb4.11.2&#8243; background_color_gradient_direction=\u00bb90deg\u00bb background_image=\u00bbhttps:\/\/observatoriosanjose.com.ar\/wp\/wp-content\/uploads\/2022\/01\/titulo.jpg\u00bb parallax=\u00bbon\u00bb custom_padding=\u00bb0px|0px|0px|0px\u00bb saved_tabs=\u00bball\u00bb locked=\u00bboff\u00bb global_colors_info=\u00bb{}\u00bb][et_pb_row use_custom_gutter=\u00bbon\u00bb gutter_width=\u00bb1&#8243; make_equal=\u00bbon\u00bb admin_label=\u00bbFooter Row\u00bb module_class=\u00bb et_pb_row_fullwidth\u00bb _builder_version=\u00bb3.25&#8243; width=\u00bb100%\u00bb width_tablet=\u00bb100%\u00bb width_phone=\u00bb\u00bb width_last_edited=\u00bbon|desktop\u00bb max_width=\u00bb100%\u00bb max_width_tablet=\u00bb100%\u00bb max_width_phone=\u00bb\u00bb max_width_last_edited=\u00bbon|desktop\u00bb custom_margin=\u00bb|||\u00bb custom_padding=\u00bb0px|0px|0px|0px\u00bb animation_style=\u00bbfade\u00bb make_fullwidth=\u00bbon\u00bb global_module=\u00bb262&#8243; saved_tabs=\u00bball\u00bb global_colors_info=\u00bb{}\u00bb][et_pb_column type=\u00bb4_4&#8243; _builder_version=\u00bb3.25&#8243; background_color=\u00bbrgba(0,0,0,0.6)\u00bb custom_padding=\u00bb100px|10%|100px|10%\u00bb custom_padding_tablet=\u00bb\u00bb custom_padding_phone=\u00bb\u00bb custom_padding_last_edited=\u00bbon|phone\u00bb global_colors_info=\u00bb{}\u00bb custom_padding__hover=\u00bb|||\u00bb][et_pb_text _builder_version=\u00bb4.11.2&#8243; _module_preset=\u00bbdefault\u00bb text_font=\u00bbOswald|||on|||||\u00bb text_text_color=\u00bb#FFFFFF\u00bb text_font_size=\u00bb40px\u00bb text_orientation=\u00bbcenter\u00bb global_colors_info=\u00bb{}\u00bb]<\/p>\n<p>\u00a0<br \/>Seguinos en las redes<\/p>\n<p>&nbsp;<\/p>\n<p>[\/et_pb_text][et_pb_text _builder_version=\u00bb4.11.2&#8243; _module_preset=\u00bbdefault\u00bb text_font=\u00bbNunito||||||||\u00bb text_text_color=\u00bb#FFFFFF\u00bb text_font_size=\u00bb18px\u00bb text_orientation=\u00bbcenter\u00bb global_colors_info=\u00bb{}\u00bb]<\/p>\n<p>Conoc\u00e9 todas las novedades.<\/p>\n<p>&nbsp;<\/p>\n<p>[\/et_pb_text][et_pb_social_media_follow follow_button=\u00bbon\u00bb _builder_version=\u00bb4.11.2&#8243; _module_preset=\u00bbdefault\u00bb text_orientation=\u00bbcenter\u00bb background_layout=\u00bbdark\u00bb global_colors_info=\u00bb{}\u00bb][et_pb_social_media_follow_network social_network=\u00bbfacebook\u00bb url=\u00bbhttps:\/\/www.facebook.com\/observatoriosj\/\u00bb _builder_version=\u00bb4.11.2&#8243; _module_preset=\u00bbdefault\u00bb background_color=\u00bb#3b5998&#8243; global_colors_info=\u00bb{}\u00bb follow_button=\u00bbon\u00bb url_new_window=\u00bbon\u00bb]facebook[\/et_pb_social_media_follow_network][et_pb_social_media_follow_network social_network=\u00bbtwitter\u00bb url=\u00bbhttps:\/\/twitter.com\/observatoriosj\u00bb _builder_version=\u00bb4.11.2&#8243; _module_preset=\u00bbdefault\u00bb background_color=\u00bb#00aced\u00bb global_colors_info=\u00bb{}\u00bb follow_button=\u00bbon\u00bb url_new_window=\u00bbon\u00bb]twitter[\/et_pb_social_media_follow_network][et_pb_social_media_follow_network social_network=\u00bbinstagram\u00bb url=\u00bbhttps:\/\/www.instagram.com\/observatoriosanjose\u00bb _builder_version=\u00bb4.11.2&#8243; _module_preset=\u00bbdefault\u00bb background_color=\u00bb#ea2c59&#8243; global_colors_info=\u00bb{}\u00bb follow_button=\u00bbon\u00bb url_new_window=\u00bbon\u00bb]instagram[\/et_pb_social_media_follow_network][et_pb_social_media_follow_network social_network=\u00bbyoutube\u00bb url=\u00bbhttps:\/\/www.youtube.com\/user\/OSJVIDEO\u00bb _builder_version=\u00bb4.11.2&#8243; _module_preset=\u00bbdefault\u00bb background_color=\u00bb#a82400&#8243; global_colors_info=\u00bb{}\u00bb follow_button=\u00bbon\u00bb url_new_window=\u00bbon\u00bb]youtube[\/et_pb_social_media_follow_network][\/et_pb_social_media_follow][\/et_pb_column][\/et_pb_row][\/et_pb_section]<\/p>\n","protected":false},"excerpt":{"rendered":"<p><strong>T\u00edtulo:<\/strong> \u00abEl incendio de Alejandr\u00eda\u00bb<\/br><br \/>\n<strong>Autor:<\/strong> Jean Pierre Luminet<\/br><br \/>\n<strong>Valoraci\u00f3n:<\/strong> \u273d \u273d \u273d \u273d \u273d<\/p>\n","protected":false},"author":1,"featured_media":1204,"comment_status":"closed","ping_status":"closed","sticky":false,"template":"","format":"standard","meta":{"_et_pb_use_builder":"on","_et_pb_old_content":"<!-- wp:divi\/placeholder \/-->","_et_gb_content_width":"1080","footnotes":""},"categories":[16,21],"tags":[],"class_list":["post-738","post","type-post","status-publish","format-standard","has-post-thumbnail","hentry","category-biblioteca","category-novela-historica"],"_links":{"self":[{"href":"https:\/\/observatoriosanjose.com.ar\/wp\/wp-json\/wp\/v2\/posts\/738","targetHints":{"allow":["GET"]}}],"collection":[{"href":"https:\/\/observatoriosanjose.com.ar\/wp\/wp-json\/wp\/v2\/posts"}],"about":[{"href":"https:\/\/observatoriosanjose.com.ar\/wp\/wp-json\/wp\/v2\/types\/post"}],"author":[{"embeddable":true,"href":"https:\/\/observatoriosanjose.com.ar\/wp\/wp-json\/wp\/v2\/users\/1"}],"replies":[{"embeddable":true,"href":"https:\/\/observatoriosanjose.com.ar\/wp\/wp-json\/wp\/v2\/comments?post=738"}],"version-history":[{"count":7,"href":"https:\/\/observatoriosanjose.com.ar\/wp\/wp-json\/wp\/v2\/posts\/738\/revisions"}],"predecessor-version":[{"id":1670,"href":"https:\/\/observatoriosanjose.com.ar\/wp\/wp-json\/wp\/v2\/posts\/738\/revisions\/1670"}],"wp:featuredmedia":[{"embeddable":true,"href":"https:\/\/observatoriosanjose.com.ar\/wp\/wp-json\/wp\/v2\/media\/1204"}],"wp:attachment":[{"href":"https:\/\/observatoriosanjose.com.ar\/wp\/wp-json\/wp\/v2\/media?parent=738"}],"wp:term":[{"taxonomy":"category","embeddable":true,"href":"https:\/\/observatoriosanjose.com.ar\/wp\/wp-json\/wp\/v2\/categories?post=738"},{"taxonomy":"post_tag","embeddable":true,"href":"https:\/\/observatoriosanjose.com.ar\/wp\/wp-json\/wp\/v2\/tags?post=738"}],"curies":[{"name":"wp","href":"https:\/\/api.w.org\/{rel}","templated":true}]}}